{"id":10778,"date":"2018-01-21T18:20:21","date_gmt":"2018-01-21T17:20:21","guid":{"rendered":"https:\/\/translate.rawie.de\/bundesamt-erteilt-zulassung\/"},"modified":"2019-04-26T12:02:01","modified_gmt":"2019-04-26T10:02:01","slug":"loffice-federal-donne-lautorisation","status":"publish","type":"post","link":"https:\/\/rawie.de\/fr\/loffice-federal-donne-lautorisation\/","title":{"rendered":"L\u2019office f\u00e9d\u00e9ral donne l&rsquo;autorisation"},"content":{"rendered":"<p>Le 13.11.2014, l&rsquo;Office f\u00e9d\u00e9ral allemand des chemins de fer a approuv\u00e9 les heurtoirs de freinage Rawie de type 4EB \u00e0 10EB pour les tampons lat\u00e9raux ou les traverses porte-tampons avec tampons lat\u00e9raux et centraux. Les heurtoirs sont conformes aux exigences de TM 2012-1672 I NVT3 \u00e0 compter du 1<sup>er<\/sup> octobre 2014 pour l&rsquo;Eurocode 3 en relation avec la norme EN 1090. Les d\u00e9signations de type 4EB, 6EB, 8EB et 10EB indiquent le nombre d&rsquo;\u00e9l\u00e9ments de freinage install\u00e9s. Vous trouverez le texte de l\u2019agr\u00e9ment de l\u2019Office f\u00e9d\u00e9ral allemand des chemins de fer et les fiches techniques correspondantes dans notre espace m\u00e9dia. Des exemples d\u2019utilisation sont disponibles ici.<\/p>\n","protected":false},"excerpt":{"rendered":"<p>Le 13.11.2014, l&rsquo;Office f\u00e9d\u00e9ral allemand des chemins de fer a approuv\u00e9 les heurtoirs de freinage Rawie de type 4EB \u00e0 10EB pour les tampons lat\u00e9raux ou les traverses porte-tampons avec tampons lat\u00e9raux et centraux.<\/p>\n","protected":false},"author":1,"featured_media":10381,"comment_status":"closed","ping_status":"closed","sticky":false,"template":"","format":"gallery","meta":{"footnotes":""},"categories":[250,252],"tags":[],"class_list":["post-10778","post","type-post","status-publish","format-gallery","has-post-thumbnail","hentry","category-unternehmen-fr","category-presse-fr","post_format-post-format-gallery"],"yoast_head":"<!-- This site is optimized with the Yoast SEO plugin v28.4 - https:\/\/yoast.com\/product\/yoast-seo-wordpress\/ -->\n<title>L\u2019office f\u00e9d\u00e9ral donne l&#039;autorisation - A. Rawie GmbH &amp; Co. KG<\/title>\n<meta name=\"robots\" content=\"index, follow, max-snippet:-1, max-image-preview:large, max-video-preview:-1\" \/>\n<link rel=\"canonical\" href=\"https:\/\/rawie.de\/fr\/loffice-federal-donne-lautorisation\/\" \/>\n<meta property=\"og:locale\" content=\"fr_FR\" \/>\n<meta property=\"og:type\" content=\"article\" \/>\n<meta property=\"og:title\" content=\"L\u2019office f\u00e9d\u00e9ral donne l&#039;autorisation - A. Rawie GmbH &amp; Co. KG\" \/>\n<meta property=\"og:description\" content=\"Le 13.11.2014, l&#039;Office f\u00e9d\u00e9ral allemand des chemins de fer a approuv\u00e9 les heurtoirs de freinage Rawie de type 4EB \u00e0 10EB pour les tampons lat\u00e9raux ou les traverses porte-tampons avec tampons lat\u00e9raux et centraux.\" \/>\n<meta property=\"og:url\" content=\"https:\/\/rawie.de\/fr\/loffice-federal-donne-lautorisation\/\" \/>\n<meta property=\"og:site_name\" content=\"A. Rawie GmbH &amp; Co. KG\" \/>\n<meta property=\"article:published_time\" content=\"2018-01-21T17:20:21+00:00\" \/>\n<meta property=\"article:modified_time\" content=\"2019-04-26T10:02:01+00:00\" \/>\n<meta property=\"og:image\" content=\"https:\/\/rawie.de\/wp-content\/uploads\/2018\/10\/neuigkeiten_bundesamt_erteilt_zulassung.jpg\" \/>\n\t<meta property=\"og:image:width\" content=\"1030\" \/>\n\t<meta property=\"og:image:height\" content=\"613\" \/>\n\t<meta property=\"og:image:type\" content=\"image\/jpeg\" \/>\n<meta name=\"author\" content=\"daniela\" \/>\n<meta name=\"twitter:card\" content=\"summary_large_image\" \/>\n<meta name=\"twitter:label1\" content=\"\u00c9crit par\" \/>\n\t<meta name=\"twitter:data1\" content=\"daniela\" \/>\n\t<meta name=\"twitter:label2\" content=\"Dur\u00e9e de lecture estim\u00e9e\" \/>\n\t<meta name=\"twitter:data2\" content=\"1 minute\" \/>\n<script type=\"application\/ld+json\" class=\"yoast-schema-graph\">{\"@context\":\"https:\\\/\\\/schema.org\",\"@graph\":[{\"@type\":\"Article\",\"@id\":\"https:\\\/\\\/rawie.de\\\/fr\\\/loffice-federal-donne-lautorisation\\\/#article\",\"isPartOf\":{\"@id\":\"https:\\\/\\\/rawie.de\\\/fr\\\/loffice-federal-donne-lautorisation\\\/\"},\"author\":{\"name\":\"daniela\",\"@id\":\"https:\\\/\\\/rawie.de\\\/fr\\\/#\\\/schema\\\/person\\\/482e964a629b29ef9c62a8b6c58451d2\"},\"headline\":\"L\u2019office f\u00e9d\u00e9ral donne l&rsquo;autorisation\",\"datePublished\":\"2018-01-21T17:20:21+00:00\",\"dateModified\":\"2019-04-26T10:02:01+00:00\",\"mainEntityOfPage\":{\"@id\":\"https:\\\/\\\/rawie.de\\\/fr\\\/loffice-federal-donne-lautorisation\\\/\"},\"wordCount\":125,\"image\":{\"@id\":\"https:\\\/\\\/rawie.de\\\/fr\\\/loffice-federal-donne-lautorisation\\\/#primaryimage\"},\"thumbnailUrl\":\"https:\\\/\\\/rawie.de\\\/wp-content\\\/uploads\\\/2018\\\/10\\\/neuigkeiten_bundesamt_erteilt_zulassung.jpg\",\"articleSection\":[\"soci\u00e9t\u00e9\",\"presse\"],\"inLanguage\":\"fr-FR\"},{\"@type\":\"WebPage\",\"@id\":\"https:\\\/\\\/rawie.de\\\/fr\\\/loffice-federal-donne-lautorisation\\\/\",\"url\":\"https:\\\/\\\/rawie.de\\\/fr\\\/loffice-federal-donne-lautorisation\\\/\",\"name\":\"L\u2019office f\u00e9d\u00e9ral donne l'autorisation - A. Rawie GmbH &amp; Co. KG\",\"isPartOf\":{\"@id\":\"https:\\\/\\\/rawie.de\\\/fr\\\/#website\"},\"primaryImageOfPage\":{\"@id\":\"https:\\\/\\\/rawie.de\\\/fr\\\/loffice-federal-donne-lautorisation\\\/#primaryimage\"},\"image\":{\"@id\":\"https:\\\/\\\/rawie.de\\\/fr\\\/loffice-federal-donne-lautorisation\\\/#primaryimage\"},\"thumbnailUrl\":\"https:\\\/\\\/rawie.de\\\/wp-content\\\/uploads\\\/2018\\\/10\\\/neuigkeiten_bundesamt_erteilt_zulassung.jpg\",\"datePublished\":\"2018-01-21T17:20:21+00:00\",\"dateModified\":\"2019-04-26T10:02:01+00:00\",\"author\":{\"@id\":\"https:\\\/\\\/rawie.de\\\/fr\\\/#\\\/schema\\\/person\\\/482e964a629b29ef9c62a8b6c58451d2\"},\"breadcrumb\":{\"@id\":\"https:\\\/\\\/rawie.de\\\/fr\\\/loffice-federal-donne-lautorisation\\\/#breadcrumb\"},\"inLanguage\":\"fr-FR\",\"potentialAction\":[{\"@type\":\"ReadAction\",\"target\":[\"https:\\\/\\\/rawie.de\\\/fr\\\/loffice-federal-donne-lautorisation\\\/\"]}]},{\"@type\":\"ImageObject\",\"inLanguage\":\"fr-FR\",\"@id\":\"https:\\\/\\\/rawie.de\\\/fr\\\/loffice-federal-donne-lautorisation\\\/#primaryimage\",\"url\":\"https:\\\/\\\/rawie.de\\\/wp-content\\\/uploads\\\/2018\\\/10\\\/neuigkeiten_bundesamt_erteilt_zulassung.jpg\",\"contentUrl\":\"https:\\\/\\\/rawie.de\\\/wp-content\\\/uploads\\\/2018\\\/10\\\/neuigkeiten_bundesamt_erteilt_zulassung.jpg\",\"width\":1030,\"height\":613},{\"@type\":\"BreadcrumbList\",\"@id\":\"https:\\\/\\\/rawie.de\\\/fr\\\/loffice-federal-donne-lautorisation\\\/#breadcrumb\",\"itemListElement\":[{\"@type\":\"ListItem\",\"position\":1,\"name\":\"Startseite\",\"item\":\"https:\\\/\\\/rawie.de\\\/fr\\\/\"},{\"@type\":\"ListItem\",\"position\":2,\"name\":\"L\u2019office f\u00e9d\u00e9ral donne l&#8217;autorisation\"}]},{\"@type\":\"WebSite\",\"@id\":\"https:\\\/\\\/rawie.de\\\/fr\\\/#website\",\"url\":\"https:\\\/\\\/rawie.de\\\/fr\\\/\",\"name\":\"A. Rawie GmbH &amp; Co. KG\",\"description\":\"Schranken, Prellb\u00f6cke, Zugangssysteme\",\"potentialAction\":[{\"@type\":\"SearchAction\",\"target\":{\"@type\":\"EntryPoint\",\"urlTemplate\":\"https:\\\/\\\/rawie.de\\\/fr\\\/?s={search_term_string}\"},\"query-input\":{\"@type\":\"PropertyValueSpecification\",\"valueRequired\":true,\"valueName\":\"search_term_string\"}}],\"inLanguage\":\"fr-FR\"},{\"@type\":\"Person\",\"@id\":\"https:\\\/\\\/rawie.de\\\/fr\\\/#\\\/schema\\\/person\\\/482e964a629b29ef9c62a8b6c58451d2\",\"name\":\"daniela\",\"image\":{\"@type\":\"ImageObject\",\"inLanguage\":\"fr-FR\",\"@id\":\"https:\\\/\\\/secure.gravatar.com\\\/avatar\\\/b0c436f5d2ae76927dabe2d4225e9570287254f7d80562f9e6a676975e06e2d0?s=96&d=mm&r=g\",\"url\":\"https:\\\/\\\/secure.gravatar.com\\\/avatar\\\/b0c436f5d2ae76927dabe2d4225e9570287254f7d80562f9e6a676975e06e2d0?s=96&d=mm&r=g\",\"contentUrl\":\"https:\\\/\\\/secure.gravatar.com\\\/avatar\\\/b0c436f5d2ae76927dabe2d4225e9570287254f7d80562f9e6a676975e06e2d0?s=96&d=mm&r=g\",\"caption\":\"daniela\"},\"url\":\"https:\\\/\\\/rawie.de\\\/fr\\\/author\\\/daniela\\\/\"}]}<\/script>\n<!-- \/ Yoast SEO plugin. -->","yoast_head_json":{"title":"L\u2019office f\u00e9d\u00e9ral donne l'autorisation - A. Rawie GmbH &amp; Co. KG","robots":{"index":"index","follow":"follow","max-snippet":"max-snippet:-1","max-image-preview":"max-image-preview:large","max-video-preview":"max-video-preview:-1"},"canonical":"https:\/\/rawie.de\/fr\/loffice-federal-donne-lautorisation\/","og_locale":"fr_FR","og_type":"article","og_title":"L\u2019office f\u00e9d\u00e9ral donne l'autorisation - A. Rawie GmbH &amp; Co. KG","og_description":"Le 13.11.2014, l'Office f\u00e9d\u00e9ral allemand des chemins de fer a approuv\u00e9 les heurtoirs de freinage Rawie de type 4EB \u00e0 10EB pour les tampons lat\u00e9raux ou les traverses porte-tampons avec tampons lat\u00e9raux et centraux.","og_url":"https:\/\/rawie.de\/fr\/loffice-federal-donne-lautorisation\/","og_site_name":"A. Rawie GmbH &amp; Co. KG","article_published_time":"2018-01-21T17:20:21+00:00","article_modified_time":"2019-04-26T10:02:01+00:00","og_image":[{"width":1030,"height":613,"url":"https:\/\/rawie.de\/wp-content\/uploads\/2018\/10\/neuigkeiten_bundesamt_erteilt_zulassung.jpg","type":"image\/jpeg"}],"author":"daniela","twitter_card":"summary_large_image","twitter_misc":{"\u00c9crit par":"daniela","Dur\u00e9e de lecture estim\u00e9e":"1 minute"},"schema":{"@context":"https:\/\/schema.org","@graph":[{"@type":"Article","@id":"https:\/\/rawie.de\/fr\/loffice-federal-donne-lautorisation\/#article","isPartOf":{"@id":"https:\/\/rawie.de\/fr\/loffice-federal-donne-lautorisation\/"},"author":{"name":"daniela","@id":"https:\/\/rawie.de\/fr\/#\/schema\/person\/482e964a629b29ef9c62a8b6c58451d2"},"headline":"L\u2019office f\u00e9d\u00e9ral donne l&rsquo;autorisation","datePublished":"2018-01-21T17:20:21+00:00","dateModified":"2019-04-26T10:02:01+00:00","mainEntityOfPage":{"@id":"https:\/\/rawie.de\/fr\/loffice-federal-donne-lautorisation\/"},"wordCount":125,"image":{"@id":"https:\/\/rawie.de\/fr\/loffice-federal-donne-lautorisation\/#primaryimage"},"thumbnailUrl":"https:\/\/rawie.de\/wp-content\/uploads\/2018\/10\/neuigkeiten_bundesamt_erteilt_zulassung.jpg","articleSection":["soci\u00e9t\u00e9","presse"],"inLanguage":"fr-FR"},{"@type":"WebPage","@id":"https:\/\/rawie.de\/fr\/loffice-federal-donne-lautorisation\/","url":"https:\/\/rawie.de\/fr\/loffice-federal-donne-lautorisation\/","name":"L\u2019office f\u00e9d\u00e9ral donne l'autorisation - A. Rawie GmbH &amp; Co. KG","isPartOf":{"@id":"https:\/\/rawie.de\/fr\/#website"},"primaryImageOfPage":{"@id":"https:\/\/rawie.de\/fr\/loffice-federal-donne-lautorisation\/#primaryimage"},"image":{"@id":"https:\/\/rawie.de\/fr\/loffice-federal-donne-lautorisation\/#primaryimage"},"thumbnailUrl":"https:\/\/rawie.de\/wp-content\/uploads\/2018\/10\/neuigkeiten_bundesamt_erteilt_zulassung.jpg","datePublished":"2018-01-21T17:20:21+00:00","dateModified":"2019-04-26T10:02:01+00:00","author":{"@id":"https:\/\/rawie.de\/fr\/#\/schema\/person\/482e964a629b29ef9c62a8b6c58451d2"},"breadcrumb":{"@id":"https:\/\/rawie.de\/fr\/loffice-federal-donne-lautorisation\/#breadcrumb"},"inLanguage":"fr-FR","potentialAction":[{"@type":"ReadAction","target":["https:\/\/rawie.de\/fr\/loffice-federal-donne-lautorisation\/"]}]},{"@type":"ImageObject","inLanguage":"fr-FR","@id":"https:\/\/rawie.de\/fr\/loffice-federal-donne-lautorisation\/#primaryimage","url":"https:\/\/rawie.de\/wp-content\/uploads\/2018\/10\/neuigkeiten_bundesamt_erteilt_zulassung.jpg","contentUrl":"https:\/\/rawie.de\/wp-content\/uploads\/2018\/10\/neuigkeiten_bundesamt_erteilt_zulassung.jpg","width":1030,"height":613},{"@type":"BreadcrumbList","@id":"https:\/\/rawie.de\/fr\/loffice-federal-donne-lautorisation\/#breadcrumb","itemListElement":[{"@type":"ListItem","position":1,"name":"Startseite","item":"https:\/\/rawie.de\/fr\/"},{"@type":"ListItem","position":2,"name":"L\u2019office f\u00e9d\u00e9ral donne l&#8217;autorisation"}]},{"@type":"WebSite","@id":"https:\/\/rawie.de\/fr\/#website","url":"https:\/\/rawie.de\/fr\/","name":"A. Rawie GmbH &amp; Co. KG","description":"Schranken, Prellb\u00f6cke, Zugangssysteme","potentialAction":[{"@type":"SearchAction","target":{"@type":"EntryPoint","urlTemplate":"https:\/\/rawie.de\/fr\/?s={search_term_string}"},"query-input":{"@type":"PropertyValueSpecification","valueRequired":true,"valueName":"search_term_string"}}],"inLanguage":"fr-FR"},{"@type":"Person","@id":"https:\/\/rawie.de\/fr\/#\/schema\/person\/482e964a629b29ef9c62a8b6c58451d2","name":"daniela","image":{"@type":"ImageObject","inLanguage":"fr-FR","@id":"https:\/\/secure.gravatar.com\/avatar\/b0c436f5d2ae76927dabe2d4225e9570287254f7d80562f9e6a676975e06e2d0?s=96&d=mm&r=g","url":"https:\/\/secure.gravatar.com\/avatar\/b0c436f5d2ae76927dabe2d4225e9570287254f7d80562f9e6a676975e06e2d0?s=96&d=mm&r=g","contentUrl":"https:\/\/secure.gravatar.com\/avatar\/b0c436f5d2ae76927dabe2d4225e9570287254f7d80562f9e6a676975e06e2d0?s=96&d=mm&r=g","caption":"daniela"},"url":"https:\/\/rawie.de\/fr\/author\/daniela\/"}]}},"_links":{"self":[{"href":"https:\/\/rawie.de\/fr\/wp-json\/wp\/v2\/posts\/10778","targetHints":{"allow":["GET"]}}],"collection":[{"href":"https:\/\/rawie.de\/fr\/wp-json\/wp\/v2\/posts"}],"about":[{"href":"https:\/\/rawie.de\/fr\/wp-json\/wp\/v2\/types\/post"}],"author":[{"embeddable":true,"href":"https:\/\/rawie.de\/fr\/wp-json\/wp\/v2\/users\/1"}],"replies":[{"embeddable":true,"href":"https:\/\/rawie.de\/fr\/wp-json\/wp\/v2\/comments?post=10778"}],"version-history":[{"count":3,"href":"https:\/\/rawie.de\/fr\/wp-json\/wp\/v2\/posts\/10778\/revisions"}],"predecessor-version":[{"id":10779,"href":"https:\/\/rawie.de\/fr\/wp-json\/wp\/v2\/posts\/10778\/revisions\/10779"}],"wp:featuredmedia":[{"embeddable":true,"href":"https:\/\/rawie.de\/fr\/wp-json\/wp\/v2\/media\/10381"}],"wp:attachment":[{"href":"https:\/\/rawie.de\/fr\/wp-json\/wp\/v2\/media?parent=10778"}],"wp:term":[{"taxonomy":"category","embeddable":true,"href":"https:\/\/rawie.de\/fr\/wp-json\/wp\/v2\/categories?post=10778"},{"taxonomy":"post_tag","embeddable":true,"href":"https:\/\/rawie.de\/fr\/wp-json\/wp\/v2\/tags?post=10778"}],"curies":[{"name":"wp","href":"https:\/\/api.w.org\/{rel}","templated":true}]}}