{"id":10763,"date":"2018-09-28T12:50:55","date_gmt":"2018-09-28T10:50:55","guid":{"rendered":"https:\/\/translate.rawie.de\/innotrans-messe-nachlese\/"},"modified":"2019-04-26T12:01:16","modified_gmt":"2019-04-26T10:01:16","slug":"rawie-est-sur-la-sellette-debriefing-innotrans","status":"publish","type":"post","link":"https:\/\/rawie.de\/fr\/rawie-est-sur-la-sellette-debriefing-innotrans\/","title":{"rendered":"Rawie est sur la sellette : debriefing innotrans"},"content":{"rendered":"<p>Cette ann\u00e9e encore, Innotrans, qui s\u2019est d\u00e9roul\u00e9 \u00e0 Berlin du 18 au 21 septembre, a attir\u00e9 de nombreux visiteurs et exposants. Avec 3 062 exposants venus de 61 pays et plus de 160 000 visiteurs venus de plus de 110 pays, la gamme mondiale de services offerts par le secteur de la technologie ferroviaire et la construction de v\u00e9hicules correspondante ont \u00e9t\u00e9 pr\u00e9sent\u00e9es de mani\u00e8re optimale.<\/p>\n<p>Rawie s\u2019est une fois de plus pr\u00e9sent\u00e9e comme une entreprise innovante dot\u00e9e d\u2019un nouveau stand bien plac\u00e9.<\/p>\n","protected":false},"excerpt":{"rendered":"<p>Cette ann\u00e9e encore, Innotrans, qui s\u2019est d\u00e9roul\u00e9 \u00e0 Berlin du 18 au 21 septembre, a attir\u00e9 de nombreux visiteurs et exposants.<\/p>\n","protected":false},"author":1,"featured_media":10380,"comment_status":"closed","ping_status":"closed","sticky":false,"template":"","format":"standard","meta":{"footnotes":""},"categories":[250,252],"tags":[],"class_list":["post-10763","post","type-post","status-publish","format-standard","has-post-thumbnail","hentry","category-unternehmen-fr","category-presse-fr"],"yoast_head":"<!-- This site is optimized with the Yoast SEO plugin v28.4 - https:\/\/yoast.com\/product\/yoast-seo-wordpress\/ -->\n<title>Rawie est sur la sellette : debriefing innotrans - A. Rawie GmbH &amp; Co. KG<\/title>\n<meta name=\"robots\" content=\"index, follow, max-snippet:-1, max-image-preview:large, max-video-preview:-1\" \/>\n<link rel=\"canonical\" href=\"https:\/\/rawie.de\/fr\/rawie-est-sur-la-sellette-debriefing-innotrans\/\" \/>\n<meta property=\"og:locale\" content=\"fr_FR\" \/>\n<meta property=\"og:type\" content=\"article\" \/>\n<meta property=\"og:title\" content=\"Rawie est sur la sellette : debriefing innotrans - A. Rawie GmbH &amp; Co. KG\" \/>\n<meta property=\"og:description\" content=\"Cette ann\u00e9e encore, Innotrans, qui s\u2019est d\u00e9roul\u00e9 \u00e0 Berlin du 18 au 21 septembre, a attir\u00e9 de nombreux visiteurs et exposants.\" \/>\n<meta property=\"og:url\" content=\"https:\/\/rawie.de\/fr\/rawie-est-sur-la-sellette-debriefing-innotrans\/\" \/>\n<meta property=\"og:site_name\" content=\"A. Rawie GmbH &amp; Co. KG\" \/>\n<meta property=\"article:published_time\" content=\"2018-09-28T10:50:55+00:00\" \/>\n<meta property=\"article:modified_time\" content=\"2019-04-26T10:01:16+00:00\" \/>\n<meta property=\"og:image\" content=\"https:\/\/rawie.de\/wp-content\/uploads\/2018\/10\/neuigkeit_innotrans2018.jpg\" \/>\n\t<meta property=\"og:image:width\" content=\"1500\" \/>\n\t<meta property=\"og:image:height\" content=\"893\" \/>\n\t<meta property=\"og:image:type\" content=\"image\/jpeg\" \/>\n<meta name=\"author\" content=\"daniela\" \/>\n<meta name=\"twitter:card\" content=\"summary_large_image\" \/>\n<meta name=\"twitter:label1\" content=\"\u00c9crit par\" \/>\n\t<meta name=\"twitter:data1\" content=\"daniela\" \/>\n<script type=\"application\/ld+json\" class=\"yoast-schema-graph\">{\"@context\":\"https:\\\/\\\/schema.org\",\"@graph\":[{\"@type\":\"Article\",\"@id\":\"https:\\\/\\\/rawie.de\\\/fr\\\/rawie-est-sur-la-sellette-debriefing-innotrans\\\/#article\",\"isPartOf\":{\"@id\":\"https:\\\/\\\/rawie.de\\\/fr\\\/rawie-est-sur-la-sellette-debriefing-innotrans\\\/\"},\"author\":{\"name\":\"daniela\",\"@id\":\"https:\\\/\\\/rawie.de\\\/fr\\\/#\\\/schema\\\/person\\\/482e964a629b29ef9c62a8b6c58451d2\"},\"headline\":\"Rawie est sur la sellette : debriefing innotrans\",\"datePublished\":\"2018-09-28T10:50:55+00:00\",\"dateModified\":\"2019-04-26T10:01:16+00:00\",\"mainEntityOfPage\":{\"@id\":\"https:\\\/\\\/rawie.de\\\/fr\\\/rawie-est-sur-la-sellette-debriefing-innotrans\\\/\"},\"wordCount\":93,\"image\":{\"@id\":\"https:\\\/\\\/rawie.de\\\/fr\\\/rawie-est-sur-la-sellette-debriefing-innotrans\\\/#primaryimage\"},\"thumbnailUrl\":\"https:\\\/\\\/rawie.de\\\/wp-content\\\/uploads\\\/2018\\\/10\\\/neuigkeit_innotrans2018.jpg\",\"articleSection\":[\"soci\u00e9t\u00e9\",\"presse\"],\"inLanguage\":\"fr-FR\"},{\"@type\":\"WebPage\",\"@id\":\"https:\\\/\\\/rawie.de\\\/fr\\\/rawie-est-sur-la-sellette-debriefing-innotrans\\\/\",\"url\":\"https:\\\/\\\/rawie.de\\\/fr\\\/rawie-est-sur-la-sellette-debriefing-innotrans\\\/\",\"name\":\"Rawie est sur la sellette : debriefing innotrans - A. Rawie GmbH &amp; Co. KG\",\"isPartOf\":{\"@id\":\"https:\\\/\\\/rawie.de\\\/fr\\\/#website\"},\"primaryImageOfPage\":{\"@id\":\"https:\\\/\\\/rawie.de\\\/fr\\\/rawie-est-sur-la-sellette-debriefing-innotrans\\\/#primaryimage\"},\"image\":{\"@id\":\"https:\\\/\\\/rawie.de\\\/fr\\\/rawie-est-sur-la-sellette-debriefing-innotrans\\\/#primaryimage\"},\"thumbnailUrl\":\"https:\\\/\\\/rawie.de\\\/wp-content\\\/uploads\\\/2018\\\/10\\\/neuigkeit_innotrans2018.jpg\",\"datePublished\":\"2018-09-28T10:50:55+00:00\",\"dateModified\":\"2019-04-26T10:01:16+00:00\",\"author\":{\"@id\":\"https:\\\/\\\/rawie.de\\\/fr\\\/#\\\/schema\\\/person\\\/482e964a629b29ef9c62a8b6c58451d2\"},\"breadcrumb\":{\"@id\":\"https:\\\/\\\/rawie.de\\\/fr\\\/rawie-est-sur-la-sellette-debriefing-innotrans\\\/#breadcrumb\"},\"inLanguage\":\"fr-FR\",\"potentialAction\":[{\"@type\":\"ReadAction\",\"target\":[\"https:\\\/\\\/rawie.de\\\/fr\\\/rawie-est-sur-la-sellette-debriefing-innotrans\\\/\"]}]},{\"@type\":\"ImageObject\",\"inLanguage\":\"fr-FR\",\"@id\":\"https:\\\/\\\/rawie.de\\\/fr\\\/rawie-est-sur-la-sellette-debriefing-innotrans\\\/#primaryimage\",\"url\":\"https:\\\/\\\/rawie.de\\\/wp-content\\\/uploads\\\/2018\\\/10\\\/neuigkeit_innotrans2018.jpg\",\"contentUrl\":\"https:\\\/\\\/rawie.de\\\/wp-content\\\/uploads\\\/2018\\\/10\\\/neuigkeit_innotrans2018.jpg\",\"width\":1500,\"height\":893},{\"@type\":\"BreadcrumbList\",\"@id\":\"https:\\\/\\\/rawie.de\\\/fr\\\/rawie-est-sur-la-sellette-debriefing-innotrans\\\/#breadcrumb\",\"itemListElement\":[{\"@type\":\"ListItem\",\"position\":1,\"name\":\"Startseite\",\"item\":\"https:\\\/\\\/rawie.de\\\/fr\\\/\"},{\"@type\":\"ListItem\",\"position\":2,\"name\":\"Rawie est sur la sellette : debriefing innotrans\"}]},{\"@type\":\"WebSite\",\"@id\":\"https:\\\/\\\/rawie.de\\\/fr\\\/#website\",\"url\":\"https:\\\/\\\/rawie.de\\\/fr\\\/\",\"name\":\"A. Rawie GmbH &amp; Co. KG\",\"description\":\"Schranken, Prellb\u00f6cke, Zugangssysteme\",\"potentialAction\":[{\"@type\":\"SearchAction\",\"target\":{\"@type\":\"EntryPoint\",\"urlTemplate\":\"https:\\\/\\\/rawie.de\\\/fr\\\/?s={search_term_string}\"},\"query-input\":{\"@type\":\"PropertyValueSpecification\",\"valueRequired\":true,\"valueName\":\"search_term_string\"}}],\"inLanguage\":\"fr-FR\"},{\"@type\":\"Person\",\"@id\":\"https:\\\/\\\/rawie.de\\\/fr\\\/#\\\/schema\\\/person\\\/482e964a629b29ef9c62a8b6c58451d2\",\"name\":\"daniela\",\"image\":{\"@type\":\"ImageObject\",\"inLanguage\":\"fr-FR\",\"@id\":\"https:\\\/\\\/secure.gravatar.com\\\/avatar\\\/b0c436f5d2ae76927dabe2d4225e9570287254f7d80562f9e6a676975e06e2d0?s=96&d=mm&r=g\",\"url\":\"https:\\\/\\\/secure.gravatar.com\\\/avatar\\\/b0c436f5d2ae76927dabe2d4225e9570287254f7d80562f9e6a676975e06e2d0?s=96&d=mm&r=g\",\"contentUrl\":\"https:\\\/\\\/secure.gravatar.com\\\/avatar\\\/b0c436f5d2ae76927dabe2d4225e9570287254f7d80562f9e6a676975e06e2d0?s=96&d=mm&r=g\",\"caption\":\"daniela\"},\"url\":\"https:\\\/\\\/rawie.de\\\/fr\\\/author\\\/daniela\\\/\"}]}<\/script>\n<!-- \/ Yoast SEO plugin. -->","yoast_head_json":{"title":"Rawie est sur la sellette : debriefing innotrans - A. Rawie GmbH &amp; Co. KG","robots":{"index":"index","follow":"follow","max-snippet":"max-snippet:-1","max-image-preview":"max-image-preview:large","max-video-preview":"max-video-preview:-1"},"canonical":"https:\/\/rawie.de\/fr\/rawie-est-sur-la-sellette-debriefing-innotrans\/","og_locale":"fr_FR","og_type":"article","og_title":"Rawie est sur la sellette : debriefing innotrans - A. Rawie GmbH &amp; Co. KG","og_description":"Cette ann\u00e9e encore, Innotrans, qui s\u2019est d\u00e9roul\u00e9 \u00e0 Berlin du 18 au 21 septembre, a attir\u00e9 de nombreux visiteurs et exposants.","og_url":"https:\/\/rawie.de\/fr\/rawie-est-sur-la-sellette-debriefing-innotrans\/","og_site_name":"A. Rawie GmbH &amp; Co. KG","article_published_time":"2018-09-28T10:50:55+00:00","article_modified_time":"2019-04-26T10:01:16+00:00","og_image":[{"width":1500,"height":893,"url":"https:\/\/rawie.de\/wp-content\/uploads\/2018\/10\/neuigkeit_innotrans2018.jpg","type":"image\/jpeg"}],"author":"daniela","twitter_card":"summary_large_image","twitter_misc":{"\u00c9crit par":"daniela"},"schema":{"@context":"https:\/\/schema.org","@graph":[{"@type":"Article","@id":"https:\/\/rawie.de\/fr\/rawie-est-sur-la-sellette-debriefing-innotrans\/#article","isPartOf":{"@id":"https:\/\/rawie.de\/fr\/rawie-est-sur-la-sellette-debriefing-innotrans\/"},"author":{"name":"daniela","@id":"https:\/\/rawie.de\/fr\/#\/schema\/person\/482e964a629b29ef9c62a8b6c58451d2"},"headline":"Rawie est sur la sellette : debriefing innotrans","datePublished":"2018-09-28T10:50:55+00:00","dateModified":"2019-04-26T10:01:16+00:00","mainEntityOfPage":{"@id":"https:\/\/rawie.de\/fr\/rawie-est-sur-la-sellette-debriefing-innotrans\/"},"wordCount":93,"image":{"@id":"https:\/\/rawie.de\/fr\/rawie-est-sur-la-sellette-debriefing-innotrans\/#primaryimage"},"thumbnailUrl":"https:\/\/rawie.de\/wp-content\/uploads\/2018\/10\/neuigkeit_innotrans2018.jpg","articleSection":["soci\u00e9t\u00e9","presse"],"inLanguage":"fr-FR"},{"@type":"WebPage","@id":"https:\/\/rawie.de\/fr\/rawie-est-sur-la-sellette-debriefing-innotrans\/","url":"https:\/\/rawie.de\/fr\/rawie-est-sur-la-sellette-debriefing-innotrans\/","name":"Rawie est sur la sellette : debriefing innotrans - A. Rawie GmbH &amp; Co. KG","isPartOf":{"@id":"https:\/\/rawie.de\/fr\/#website"},"primaryImageOfPage":{"@id":"https:\/\/rawie.de\/fr\/rawie-est-sur-la-sellette-debriefing-innotrans\/#primaryimage"},"image":{"@id":"https:\/\/rawie.de\/fr\/rawie-est-sur-la-sellette-debriefing-innotrans\/#primaryimage"},"thumbnailUrl":"https:\/\/rawie.de\/wp-content\/uploads\/2018\/10\/neuigkeit_innotrans2018.jpg","datePublished":"2018-09-28T10:50:55+00:00","dateModified":"2019-04-26T10:01:16+00:00","author":{"@id":"https:\/\/rawie.de\/fr\/#\/schema\/person\/482e964a629b29ef9c62a8b6c58451d2"},"breadcrumb":{"@id":"https:\/\/rawie.de\/fr\/rawie-est-sur-la-sellette-debriefing-innotrans\/#breadcrumb"},"inLanguage":"fr-FR","potentialAction":[{"@type":"ReadAction","target":["https:\/\/rawie.de\/fr\/rawie-est-sur-la-sellette-debriefing-innotrans\/"]}]},{"@type":"ImageObject","inLanguage":"fr-FR","@id":"https:\/\/rawie.de\/fr\/rawie-est-sur-la-sellette-debriefing-innotrans\/#primaryimage","url":"https:\/\/rawie.de\/wp-content\/uploads\/2018\/10\/neuigkeit_innotrans2018.jpg","contentUrl":"https:\/\/rawie.de\/wp-content\/uploads\/2018\/10\/neuigkeit_innotrans2018.jpg","width":1500,"height":893},{"@type":"BreadcrumbList","@id":"https:\/\/rawie.de\/fr\/rawie-est-sur-la-sellette-debriefing-innotrans\/#breadcrumb","itemListElement":[{"@type":"ListItem","position":1,"name":"Startseite","item":"https:\/\/rawie.de\/fr\/"},{"@type":"ListItem","position":2,"name":"Rawie est sur la sellette : debriefing innotrans"}]},{"@type":"WebSite","@id":"https:\/\/rawie.de\/fr\/#website","url":"https:\/\/rawie.de\/fr\/","name":"A. Rawie GmbH &amp; Co. KG","description":"Schranken, Prellb\u00f6cke, Zugangssysteme","potentialAction":[{"@type":"SearchAction","target":{"@type":"EntryPoint","urlTemplate":"https:\/\/rawie.de\/fr\/?s={search_term_string}"},"query-input":{"@type":"PropertyValueSpecification","valueRequired":true,"valueName":"search_term_string"}}],"inLanguage":"fr-FR"},{"@type":"Person","@id":"https:\/\/rawie.de\/fr\/#\/schema\/person\/482e964a629b29ef9c62a8b6c58451d2","name":"daniela","image":{"@type":"ImageObject","inLanguage":"fr-FR","@id":"https:\/\/secure.gravatar.com\/avatar\/b0c436f5d2ae76927dabe2d4225e9570287254f7d80562f9e6a676975e06e2d0?s=96&d=mm&r=g","url":"https:\/\/secure.gravatar.com\/avatar\/b0c436f5d2ae76927dabe2d4225e9570287254f7d80562f9e6a676975e06e2d0?s=96&d=mm&r=g","contentUrl":"https:\/\/secure.gravatar.com\/avatar\/b0c436f5d2ae76927dabe2d4225e9570287254f7d80562f9e6a676975e06e2d0?s=96&d=mm&r=g","caption":"daniela"},"url":"https:\/\/rawie.de\/fr\/author\/daniela\/"}]}},"_links":{"self":[{"href":"https:\/\/rawie.de\/fr\/wp-json\/wp\/v2\/posts\/10763","targetHints":{"allow":["GET"]}}],"collection":[{"href":"https:\/\/rawie.de\/fr\/wp-json\/wp\/v2\/posts"}],"about":[{"href":"https:\/\/rawie.de\/fr\/wp-json\/wp\/v2\/types\/post"}],"author":[{"embeddable":true,"href":"https:\/\/rawie.de\/fr\/wp-json\/wp\/v2\/users\/1"}],"replies":[{"embeddable":true,"href":"https:\/\/rawie.de\/fr\/wp-json\/wp\/v2\/comments?post=10763"}],"version-history":[{"count":2,"href":"https:\/\/rawie.de\/fr\/wp-json\/wp\/v2\/posts\/10763\/revisions"}],"predecessor-version":[{"id":12032,"href":"https:\/\/rawie.de\/fr\/wp-json\/wp\/v2\/posts\/10763\/revisions\/12032"}],"wp:featuredmedia":[{"embeddable":true,"href":"https:\/\/rawie.de\/fr\/wp-json\/wp\/v2\/media\/10380"}],"wp:attachment":[{"href":"https:\/\/rawie.de\/fr\/wp-json\/wp\/v2\/media?parent=10763"}],"wp:term":[{"taxonomy":"category","embeddable":true,"href":"https:\/\/rawie.de\/fr\/wp-json\/wp\/v2\/categories?post=10763"},{"taxonomy":"post_tag","embeddable":true,"href":"https:\/\/rawie.de\/fr\/wp-json\/wp\/v2\/tags?post=10763"}],"curies":[{"name":"wp","href":"https:\/\/api.w.org\/{rel}","templated":true}]}}