{"id":12046,"date":"2018-09-28T12:50:55","date_gmt":"2018-09-28T10:50:55","guid":{"rendered":"https:\/\/translate.rawie.de\/innotrans-messe-nachlese\/"},"modified":"2019-04-26T12:05:24","modified_gmt":"2019-04-26T10:05:24","slug":"rawie-se-ha-subido-al-tren-nota-sobre-innotrans","status":"publish","type":"post","link":"https:\/\/rawie.de\/es\/rawie-se-ha-subido-al-tren-nota-sobre-innotrans\/","title":{"rendered":"Rawie se ha subido al tren: nota sobre innotrans"},"content":{"rendered":"<p>Este a\u00f1o, una vez m\u00e1s la feria InnoTrans celebrada del 18 al 21 de septiembre en Berl\u00edn, demostr\u00f3 ser un im\u00e1n de p\u00fablico para visitantes y expositores. Con 3062 expositores de 61 pa\u00edses y m\u00e1s de 160.000 visitantes de m\u00e1s de 110 pa\u00edses, se present\u00f3 de forma \u00f3ptima la gama de servicios mundial del sector de la t\u00e9cnica de v\u00edas as\u00ed como de la correspondiente construcci\u00f3n de veh\u00edculos.<\/p>\n<p>Rawie se present\u00f3 una vez m\u00e1s con un stand ferial nuevo y muy bien ubicado como una empresa innovadora.<\/p>\n","protected":false},"excerpt":{"rendered":"<p>Este a\u00f1o, una vez m\u00e1s la feria InnoTrans celebrada del 18 al 21 de septiembre en Berl\u00edn, demostr\u00f3 ser un im\u00e1n de p\u00fablico para visitantes y expositores. <\/p>\n","protected":false},"author":1,"featured_media":11583,"comment_status":"closed","ping_status":"closed","sticky":false,"template":"","format":"standard","meta":{"footnotes":""},"categories":[302,304],"tags":[],"class_list":["post-12046","post","type-post","status-publish","format-standard","has-post-thumbnail","hentry","category-empresa","category-prensa"],"yoast_head":"<!-- This site is optimized with the Yoast SEO plugin v28.4 - https:\/\/yoast.com\/product\/yoast-seo-wordpress\/ -->\n<title>Rawie se ha subido al tren: nota sobre innotrans - A. Rawie GmbH &amp; Co. KG<\/title>\n<meta name=\"robots\" content=\"index, follow, max-snippet:-1, max-image-preview:large, max-video-preview:-1\" \/>\n<link rel=\"canonical\" href=\"https:\/\/rawie.de\/es\/rawie-se-ha-subido-al-tren-nota-sobre-innotrans\/\" \/>\n<meta property=\"og:locale\" content=\"es_ES\" \/>\n<meta property=\"og:type\" content=\"article\" \/>\n<meta property=\"og:title\" content=\"Rawie se ha subido al tren: nota sobre innotrans - A. Rawie GmbH &amp; Co. KG\" \/>\n<meta property=\"og:description\" content=\"Este a\u00f1o, una vez m\u00e1s la feria InnoTrans celebrada del 18 al 21 de septiembre en Berl\u00edn, demostr\u00f3 ser un im\u00e1n de p\u00fablico para visitantes y expositores.\" \/>\n<meta property=\"og:url\" content=\"https:\/\/rawie.de\/es\/rawie-se-ha-subido-al-tren-nota-sobre-innotrans\/\" \/>\n<meta property=\"og:site_name\" content=\"A. Rawie GmbH &amp; Co. KG\" \/>\n<meta property=\"article:published_time\" content=\"2018-09-28T10:50:55+00:00\" \/>\n<meta property=\"article:modified_time\" content=\"2019-04-26T10:05:24+00:00\" \/>\n<meta property=\"og:image\" content=\"https:\/\/rawie.de\/wp-content\/uploads\/2018\/10\/neuigkeit_innotrans2018.jpg\" \/>\n\t<meta property=\"og:image:width\" content=\"1500\" \/>\n\t<meta property=\"og:image:height\" content=\"893\" \/>\n\t<meta property=\"og:image:type\" content=\"image\/jpeg\" \/>\n<meta name=\"author\" content=\"daniela\" \/>\n<meta name=\"twitter:card\" content=\"summary_large_image\" \/>\n<meta name=\"twitter:label1\" content=\"Escrito por\" \/>\n\t<meta name=\"twitter:data1\" content=\"daniela\" \/>\n<script type=\"application\/ld+json\" class=\"yoast-schema-graph\">{\"@context\":\"https:\\\/\\\/schema.org\",\"@graph\":[{\"@type\":\"Article\",\"@id\":\"https:\\\/\\\/rawie.de\\\/es\\\/rawie-se-ha-subido-al-tren-nota-sobre-innotrans\\\/#article\",\"isPartOf\":{\"@id\":\"https:\\\/\\\/rawie.de\\\/es\\\/rawie-se-ha-subido-al-tren-nota-sobre-innotrans\\\/\"},\"author\":{\"name\":\"daniela\",\"@id\":\"https:\\\/\\\/rawie.de\\\/es\\\/#\\\/schema\\\/person\\\/482e964a629b29ef9c62a8b6c58451d2\"},\"headline\":\"Rawie se ha subido al tren: nota sobre innotrans\",\"datePublished\":\"2018-09-28T10:50:55+00:00\",\"dateModified\":\"2019-04-26T10:05:24+00:00\",\"mainEntityOfPage\":{\"@id\":\"https:\\\/\\\/rawie.de\\\/es\\\/rawie-se-ha-subido-al-tren-nota-sobre-innotrans\\\/\"},\"wordCount\":104,\"image\":{\"@id\":\"https:\\\/\\\/rawie.de\\\/es\\\/rawie-se-ha-subido-al-tren-nota-sobre-innotrans\\\/#primaryimage\"},\"thumbnailUrl\":\"https:\\\/\\\/rawie.de\\\/wp-content\\\/uploads\\\/2018\\\/10\\\/neuigkeit_innotrans2018.jpg\",\"articleSection\":[\"empresa\",\"prensa\"],\"inLanguage\":\"es\"},{\"@type\":\"WebPage\",\"@id\":\"https:\\\/\\\/rawie.de\\\/es\\\/rawie-se-ha-subido-al-tren-nota-sobre-innotrans\\\/\",\"url\":\"https:\\\/\\\/rawie.de\\\/es\\\/rawie-se-ha-subido-al-tren-nota-sobre-innotrans\\\/\",\"name\":\"Rawie se ha subido al tren: nota sobre innotrans - A. Rawie GmbH &amp; Co. KG\",\"isPartOf\":{\"@id\":\"https:\\\/\\\/rawie.de\\\/es\\\/#website\"},\"primaryImageOfPage\":{\"@id\":\"https:\\\/\\\/rawie.de\\\/es\\\/rawie-se-ha-subido-al-tren-nota-sobre-innotrans\\\/#primaryimage\"},\"image\":{\"@id\":\"https:\\\/\\\/rawie.de\\\/es\\\/rawie-se-ha-subido-al-tren-nota-sobre-innotrans\\\/#primaryimage\"},\"thumbnailUrl\":\"https:\\\/\\\/rawie.de\\\/wp-content\\\/uploads\\\/2018\\\/10\\\/neuigkeit_innotrans2018.jpg\",\"datePublished\":\"2018-09-28T10:50:55+00:00\",\"dateModified\":\"2019-04-26T10:05:24+00:00\",\"author\":{\"@id\":\"https:\\\/\\\/rawie.de\\\/es\\\/#\\\/schema\\\/person\\\/482e964a629b29ef9c62a8b6c58451d2\"},\"breadcrumb\":{\"@id\":\"https:\\\/\\\/rawie.de\\\/es\\\/rawie-se-ha-subido-al-tren-nota-sobre-innotrans\\\/#breadcrumb\"},\"inLanguage\":\"es\",\"potentialAction\":[{\"@type\":\"ReadAction\",\"target\":[\"https:\\\/\\\/rawie.de\\\/es\\\/rawie-se-ha-subido-al-tren-nota-sobre-innotrans\\\/\"]}]},{\"@type\":\"ImageObject\",\"inLanguage\":\"es\",\"@id\":\"https:\\\/\\\/rawie.de\\\/es\\\/rawie-se-ha-subido-al-tren-nota-sobre-innotrans\\\/#primaryimage\",\"url\":\"https:\\\/\\\/rawie.de\\\/wp-content\\\/uploads\\\/2018\\\/10\\\/neuigkeit_innotrans2018.jpg\",\"contentUrl\":\"https:\\\/\\\/rawie.de\\\/wp-content\\\/uploads\\\/2018\\\/10\\\/neuigkeit_innotrans2018.jpg\",\"width\":1500,\"height\":893},{\"@type\":\"BreadcrumbList\",\"@id\":\"https:\\\/\\\/rawie.de\\\/es\\\/rawie-se-ha-subido-al-tren-nota-sobre-innotrans\\\/#breadcrumb\",\"itemListElement\":[{\"@type\":\"ListItem\",\"position\":1,\"name\":\"Startseite\",\"item\":\"https:\\\/\\\/rawie.de\\\/es\\\/\"},{\"@type\":\"ListItem\",\"position\":2,\"name\":\"Rawie se ha subido al tren: nota sobre innotrans\"}]},{\"@type\":\"WebSite\",\"@id\":\"https:\\\/\\\/rawie.de\\\/es\\\/#website\",\"url\":\"https:\\\/\\\/rawie.de\\\/es\\\/\",\"name\":\"A. Rawie GmbH &amp; Co. KG\",\"description\":\"Schranken, Prellb\u00f6cke, Zugangssysteme\",\"potentialAction\":[{\"@type\":\"SearchAction\",\"target\":{\"@type\":\"EntryPoint\",\"urlTemplate\":\"https:\\\/\\\/rawie.de\\\/es\\\/?s={search_term_string}\"},\"query-input\":{\"@type\":\"PropertyValueSpecification\",\"valueRequired\":true,\"valueName\":\"search_term_string\"}}],\"inLanguage\":\"es\"},{\"@type\":\"Person\",\"@id\":\"https:\\\/\\\/rawie.de\\\/es\\\/#\\\/schema\\\/person\\\/482e964a629b29ef9c62a8b6c58451d2\",\"name\":\"daniela\",\"image\":{\"@type\":\"ImageObject\",\"inLanguage\":\"es\",\"@id\":\"https:\\\/\\\/secure.gravatar.com\\\/avatar\\\/b0c436f5d2ae76927dabe2d4225e9570287254f7d80562f9e6a676975e06e2d0?s=96&d=mm&r=g\",\"url\":\"https:\\\/\\\/secure.gravatar.com\\\/avatar\\\/b0c436f5d2ae76927dabe2d4225e9570287254f7d80562f9e6a676975e06e2d0?s=96&d=mm&r=g\",\"contentUrl\":\"https:\\\/\\\/secure.gravatar.com\\\/avatar\\\/b0c436f5d2ae76927dabe2d4225e9570287254f7d80562f9e6a676975e06e2d0?s=96&d=mm&r=g\",\"caption\":\"daniela\"},\"url\":\"https:\\\/\\\/rawie.de\\\/es\\\/author\\\/daniela\\\/\"}]}<\/script>\n<!-- \/ Yoast SEO plugin. -->","yoast_head_json":{"title":"Rawie se ha subido al tren: nota sobre innotrans - A. Rawie GmbH &amp; Co. KG","robots":{"index":"index","follow":"follow","max-snippet":"max-snippet:-1","max-image-preview":"max-image-preview:large","max-video-preview":"max-video-preview:-1"},"canonical":"https:\/\/rawie.de\/es\/rawie-se-ha-subido-al-tren-nota-sobre-innotrans\/","og_locale":"es_ES","og_type":"article","og_title":"Rawie se ha subido al tren: nota sobre innotrans - A. Rawie GmbH &amp; Co. KG","og_description":"Este a\u00f1o, una vez m\u00e1s la feria InnoTrans celebrada del 18 al 21 de septiembre en Berl\u00edn, demostr\u00f3 ser un im\u00e1n de p\u00fablico para visitantes y expositores.","og_url":"https:\/\/rawie.de\/es\/rawie-se-ha-subido-al-tren-nota-sobre-innotrans\/","og_site_name":"A. Rawie GmbH &amp; Co. KG","article_published_time":"2018-09-28T10:50:55+00:00","article_modified_time":"2019-04-26T10:05:24+00:00","og_image":[{"width":1500,"height":893,"url":"https:\/\/rawie.de\/wp-content\/uploads\/2018\/10\/neuigkeit_innotrans2018.jpg","type":"image\/jpeg"}],"author":"daniela","twitter_card":"summary_large_image","twitter_misc":{"Escrito por":"daniela"},"schema":{"@context":"https:\/\/schema.org","@graph":[{"@type":"Article","@id":"https:\/\/rawie.de\/es\/rawie-se-ha-subido-al-tren-nota-sobre-innotrans\/#article","isPartOf":{"@id":"https:\/\/rawie.de\/es\/rawie-se-ha-subido-al-tren-nota-sobre-innotrans\/"},"author":{"name":"daniela","@id":"https:\/\/rawie.de\/es\/#\/schema\/person\/482e964a629b29ef9c62a8b6c58451d2"},"headline":"Rawie se ha subido al tren: nota sobre innotrans","datePublished":"2018-09-28T10:50:55+00:00","dateModified":"2019-04-26T10:05:24+00:00","mainEntityOfPage":{"@id":"https:\/\/rawie.de\/es\/rawie-se-ha-subido-al-tren-nota-sobre-innotrans\/"},"wordCount":104,"image":{"@id":"https:\/\/rawie.de\/es\/rawie-se-ha-subido-al-tren-nota-sobre-innotrans\/#primaryimage"},"thumbnailUrl":"https:\/\/rawie.de\/wp-content\/uploads\/2018\/10\/neuigkeit_innotrans2018.jpg","articleSection":["empresa","prensa"],"inLanguage":"es"},{"@type":"WebPage","@id":"https:\/\/rawie.de\/es\/rawie-se-ha-subido-al-tren-nota-sobre-innotrans\/","url":"https:\/\/rawie.de\/es\/rawie-se-ha-subido-al-tren-nota-sobre-innotrans\/","name":"Rawie se ha subido al tren: nota sobre innotrans - A. Rawie GmbH &amp; Co. KG","isPartOf":{"@id":"https:\/\/rawie.de\/es\/#website"},"primaryImageOfPage":{"@id":"https:\/\/rawie.de\/es\/rawie-se-ha-subido-al-tren-nota-sobre-innotrans\/#primaryimage"},"image":{"@id":"https:\/\/rawie.de\/es\/rawie-se-ha-subido-al-tren-nota-sobre-innotrans\/#primaryimage"},"thumbnailUrl":"https:\/\/rawie.de\/wp-content\/uploads\/2018\/10\/neuigkeit_innotrans2018.jpg","datePublished":"2018-09-28T10:50:55+00:00","dateModified":"2019-04-26T10:05:24+00:00","author":{"@id":"https:\/\/rawie.de\/es\/#\/schema\/person\/482e964a629b29ef9c62a8b6c58451d2"},"breadcrumb":{"@id":"https:\/\/rawie.de\/es\/rawie-se-ha-subido-al-tren-nota-sobre-innotrans\/#breadcrumb"},"inLanguage":"es","potentialAction":[{"@type":"ReadAction","target":["https:\/\/rawie.de\/es\/rawie-se-ha-subido-al-tren-nota-sobre-innotrans\/"]}]},{"@type":"ImageObject","inLanguage":"es","@id":"https:\/\/rawie.de\/es\/rawie-se-ha-subido-al-tren-nota-sobre-innotrans\/#primaryimage","url":"https:\/\/rawie.de\/wp-content\/uploads\/2018\/10\/neuigkeit_innotrans2018.jpg","contentUrl":"https:\/\/rawie.de\/wp-content\/uploads\/2018\/10\/neuigkeit_innotrans2018.jpg","width":1500,"height":893},{"@type":"BreadcrumbList","@id":"https:\/\/rawie.de\/es\/rawie-se-ha-subido-al-tren-nota-sobre-innotrans\/#breadcrumb","itemListElement":[{"@type":"ListItem","position":1,"name":"Startseite","item":"https:\/\/rawie.de\/es\/"},{"@type":"ListItem","position":2,"name":"Rawie se ha subido al tren: nota sobre innotrans"}]},{"@type":"WebSite","@id":"https:\/\/rawie.de\/es\/#website","url":"https:\/\/rawie.de\/es\/","name":"A. Rawie GmbH &amp; Co. KG","description":"Schranken, Prellb\u00f6cke, Zugangssysteme","potentialAction":[{"@type":"SearchAction","target":{"@type":"EntryPoint","urlTemplate":"https:\/\/rawie.de\/es\/?s={search_term_string}"},"query-input":{"@type":"PropertyValueSpecification","valueRequired":true,"valueName":"search_term_string"}}],"inLanguage":"es"},{"@type":"Person","@id":"https:\/\/rawie.de\/es\/#\/schema\/person\/482e964a629b29ef9c62a8b6c58451d2","name":"daniela","image":{"@type":"ImageObject","inLanguage":"es","@id":"https:\/\/secure.gravatar.com\/avatar\/b0c436f5d2ae76927dabe2d4225e9570287254f7d80562f9e6a676975e06e2d0?s=96&d=mm&r=g","url":"https:\/\/secure.gravatar.com\/avatar\/b0c436f5d2ae76927dabe2d4225e9570287254f7d80562f9e6a676975e06e2d0?s=96&d=mm&r=g","contentUrl":"https:\/\/secure.gravatar.com\/avatar\/b0c436f5d2ae76927dabe2d4225e9570287254f7d80562f9e6a676975e06e2d0?s=96&d=mm&r=g","caption":"daniela"},"url":"https:\/\/rawie.de\/es\/author\/daniela\/"}]}},"_links":{"self":[{"href":"https:\/\/rawie.de\/es\/wp-json\/wp\/v2\/posts\/12046","targetHints":{"allow":["GET"]}}],"collection":[{"href":"https:\/\/rawie.de\/es\/wp-json\/wp\/v2\/posts"}],"about":[{"href":"https:\/\/rawie.de\/es\/wp-json\/wp\/v2\/types\/post"}],"author":[{"embeddable":true,"href":"https:\/\/rawie.de\/es\/wp-json\/wp\/v2\/users\/1"}],"replies":[{"embeddable":true,"href":"https:\/\/rawie.de\/es\/wp-json\/wp\/v2\/comments?post=12046"}],"version-history":[{"count":1,"href":"https:\/\/rawie.de\/es\/wp-json\/wp\/v2\/posts\/12046\/revisions"}],"predecessor-version":[{"id":12060,"href":"https:\/\/rawie.de\/es\/wp-json\/wp\/v2\/posts\/12046\/revisions\/12060"}],"wp:featuredmedia":[{"embeddable":true,"href":"https:\/\/rawie.de\/es\/wp-json\/wp\/v2\/media\/11583"}],"wp:attachment":[{"href":"https:\/\/rawie.de\/es\/wp-json\/wp\/v2\/media?parent=12046"}],"wp:term":[{"taxonomy":"category","embeddable":true,"href":"https:\/\/rawie.de\/es\/wp-json\/wp\/v2\/categories?post=12046"},{"taxonomy":"post_tag","embeddable":true,"href":"https:\/\/rawie.de\/es\/wp-json\/wp\/v2\/tags?post=12046"}],"curies":[{"name":"wp","href":"https:\/\/api.w.org\/{rel}","templated":true}]}}